{"id":3865,"date":"2017-05-08T11:49:22","date_gmt":"2017-05-08T09:49:22","guid":{"rendered":"http:\/\/www.gautena.org\/alumnosas-gautena-recogen-premio\/"},"modified":"2017-05-08T12:09:35","modified_gmt":"2017-05-08T10:09:35","slug":"alumnosas-gautena-recogen-premio","status":"publish","type":"post","link":"https:\/\/www.gautena.org\/eu\/alumnosas-gautena-recogen-premio\/","title":{"rendered":"gautena-ko ikasleek bere saria jaso dute"},"content":{"rendered":"<p><em>GAUTENAko ikassleek Artea eta Giza Eskubideak, Haur eta Gazteen XII ekitaldian, sari desberdinak lortu dituzte<\/em><\/p>\n<p><em>Banakako lanetan (16-18 urte) <strong>DIEGO BURGUERA GRANDEk<\/strong> lehen sari ofiziala lortu du bere <strong>\u201cEz izan kuxluxeroa\u201d<\/strong> lanarekin.<\/em><\/p>\n<p><a href=\"https:\/\/www.gautena.org\/wp-content\/uploads\/2017\/04\/P_Ez-izan-kuxkuxeroa.jpg\"><img decoding=\"async\" class=\"size-full wp-image-3849 aligncenter\" src=\"https:\/\/www.gautena.org\/wp-content\/uploads\/2017\/04\/P_Ez-izan-kuxkuxeroa.jpg\" alt=\"\" width=\"103\" height=\"65\" \/><\/a><em>Taldeko Muralean Loyolako Lasallen GAUTENAk dauka gelaren ikasleek: <strong>Adri\u00e1n Blasco Aramburu, Marouf Cheikh Malaine, I\u00f1aki Gago Etxeberria, Amets Iartzabal Etxandi, Ander Mart\u00ednez Ruano y Cristina Telletxea<\/strong>, Publikoaren saria lortu dute <strong>\u201cNo mires detr\u00e1s de la puerta\u201d<\/strong> lanarekin<\/em><\/p>\n<p><a href=\"https:\/\/www.gautena.org\/wp-content\/uploads\/2017\/04\/P_No-mires-detras-de-la-puerta.jpg\"><img decoding=\"async\" class=\"size-full wp-image-3850 aligncenter\" src=\"https:\/\/www.gautena.org\/wp-content\/uploads\/2017\/04\/P_No-mires-detras-de-la-puerta.jpg\" alt=\"\" width=\"103\" height=\"65\" \/><\/a><\/p>\n","protected":false},"excerpt":{"rendered":"<p>GAUTENAko ikassleek Artea eta Giza Eskubideak, Haur eta Gazteen XII ekitaldian, sari desberdinak lortu dituzte Banakako lanetan (16-18 urte) DIEGO BURGUERA&#8230;<\/p>\n","protected":false},"author":488508,"featured_media":3856,"comment_status":"closed","ping_status":"open","sticky":false,"template":"","format":"standard","meta":{"_jetpack_memberships_contains_paid_content":false,"footnotes":""},"categories":[46],"tags":[],"class_list":["post-3865","post","type-post","status-publish","format-standard","has-post-thumbnail","hentry","category-uncategorized-eu"],"jetpack_featured_media_url":"https:\/\/www.gautena.org\/wp-content\/uploads\/2017\/05\/premio-derechos.jpg","jetpack_sharing_enabled":true,"_links":{"self":[{"href":"https:\/\/www.gautena.org\/eu\/wp-json\/wp\/v2\/posts\/3865","targetHints":{"allow":["GET"]}}],"collection":[{"href":"https:\/\/www.gautena.org\/eu\/wp-json\/wp\/v2\/posts"}],"about":[{"href":"https:\/\/www.gautena.org\/eu\/wp-json\/wp\/v2\/types\/post"}],"author":[{"embeddable":true,"href":"https:\/\/www.gautena.org\/eu\/wp-json\/wp\/v2\/users\/488508"}],"replies":[{"embeddable":true,"href":"https:\/\/www.gautena.org\/eu\/wp-json\/wp\/v2\/comments?post=3865"}],"version-history":[{"count":2,"href":"https:\/\/www.gautena.org\/eu\/wp-json\/wp\/v2\/posts\/3865\/revisions"}],"predecessor-version":[{"id":3867,"href":"https:\/\/www.gautena.org\/eu\/wp-json\/wp\/v2\/posts\/3865\/revisions\/3867"}],"wp:featuredmedia":[{"embeddable":true,"href":"https:\/\/www.gautena.org\/eu\/wp-json\/wp\/v2\/media\/3856"}],"wp:attachment":[{"href":"https:\/\/www.gautena.org\/eu\/wp-json\/wp\/v2\/media?parent=3865"}],"wp:term":[{"taxonomy":"category","embeddable":true,"href":"https:\/\/www.gautena.org\/eu\/wp-json\/wp\/v2\/categories?post=3865"},{"taxonomy":"post_tag","embeddable":true,"href":"https:\/\/www.gautena.org\/eu\/wp-json\/wp\/v2\/tags?post=3865"}],"curies":[{"name":"wp","href":"https:\/\/api.w.org\/{rel}","templated":true}]}}