{"id":6048,"date":"2020-03-27T11:38:11","date_gmt":"2020-03-27T10:38:11","guid":{"rendered":"https:\/\/www.gautena.org\/?p=6048\/"},"modified":"2020-03-27T11:38:11","modified_gmt":"2020-03-27T10:38:11","slug":"alarma-egoera-konfinamendua-eta-autismoa","status":"publish","type":"post","link":"https:\/\/www.gautena.org\/eu\/alarma-egoera-konfinamendua-eta-autismoa\/","title":{"rendered":"Alarma egoera: konfinamendua eta autismoa"},"content":{"rendered":"<p>Egun zailak dira guztiontzat. Covid-19 birusaren hedapenarengatik sortutako osasun-krisiak etxean geratzera derrigortu gaitu. Bat-bateko aldaketa honek testuinguru berri batera egokitzera behartu gaitu, gure errutinak aldatzera. Hori bereziki zaila da autismoaren espektroko nahastea duen pertsona batentzat. AENaren ezaugarri den pentsamendua eta jokabidea malgutzeko zailtasunek estres eta antsietate maila altuak jasatera eraman ditzakete, konfinamenduarengatik larriagotzen direnak.<\/p>\n<p>Egoera honetan autismoa duten pertsonen autoerregulatzeko zailtasunak areagotu daitezke eta honekin batera portaera desafiatzaileak sortu. Etxean geratzeko agindua ez ulertzeak portaera arazoak egotera ekar ditzake eta autismoa duen pertsonak bere buruari edota besteari eraso egitea.<\/p>\n<h5>Ateratzea premia bat denean<\/h5>\n<p>Osasun-Ministerioak AEN duten pertsonen eta beraien familien kalteberatasun egoera aitortu du eta 2020ko martxoaren 20ko 76. Estatuko Aldizkari Ofizialean argitaratutako honako instrukzioa eman du: <em>\u201chabilitan a las personas con discapacidad, que tengan alteraciones conductuales, como por ejemplo\u00a0<strong>personas con diagn\u00f3stico de espectro autista\u00a0<\/strong>y conductas disruptivas, el cual se vea agravado por la situaci\u00f3n de confinamiento derivada de la declaraci\u00f3n del estado de alarma,\u00a0<strong>y a un acompa\u00f1ante, a circular por las v\u00edas de uso p\u00fablico, siempre y cuando se respeten las medidas necesarias para evitar el contagio&#8221;.<\/strong><\/em><\/p>\n<p>Nahiz eta araudian adierazita ez egon, Gautenak honako dokumentuak gainean eramatea gomendatzen du:<\/p>\n<p>* Desgaitasun txartela edota ziurtagiria.<\/p>\n<p>* COVID-19arengatik sortutako osasun-krisiaren kudeaketarako interpretazio-irizpideak ezartzen dituen 2020ko martxoaren 19ko instrukzioaren kopia.<\/p>\n<h5>Elkar ulertzea eta errespetua<\/h5>\n<p><a href=\"https:\/\/www.gautena.org\/wp-content\/uploads\/2020\/03\/Ateratzeko-eskubidea.jpg\"><img fetchpriority=\"high\" decoding=\"async\" class=\" wp-image-6044 aligncenter\" src=\"https:\/\/www.gautena.org\/wp-content\/uploads\/2020\/03\/Ateratzeko-eskubidea-300x169.jpg\" alt=\"\" width=\"674\" height=\"380\" srcset=\"https:\/\/www.gautena.org\/wp-content\/uploads\/2020\/03\/Ateratzeko-eskubidea-300x169.jpg 300w, https:\/\/www.gautena.org\/wp-content\/uploads\/2020\/03\/Ateratzeko-eskubidea-600x338.jpg 600w, https:\/\/www.gautena.org\/wp-content\/uploads\/2020\/03\/Ateratzeko-eskubidea-768x432.jpg 768w, https:\/\/www.gautena.org\/wp-content\/uploads\/2020\/03\/Ateratzeko-eskubidea-1024x576.jpg 1024w, https:\/\/www.gautena.org\/wp-content\/uploads\/2020\/03\/Ateratzeko-eskubidea.jpg 1920w\" sizes=\"(max-width: 674px) 100vw, 674px\" \/><\/a><\/p>\n<p>Elkar ulertzea eskatzen diogu gizarteari AEN duten pertsonen eta beraien laguntzaileen irteerak errespetatzeko. Irteera hauek ezinbesteak bultzatuta gertatzen dira eta alarma egoerako legediak babesten ditu. Horregatik ez litzateke beharrezkoa izan beharko identifikagarri bisualak erabiltzea bizilagunen begiradak eta errietak saihesteko. Aitortu zaien kalera ateratzeko eskubidearen erabilera askea egiten ari dira, besterik gabe.<\/p>\n","protected":false},"excerpt":{"rendered":"<p>Egun zailak dira guztiontzat. Covid-19 birusaren hedapenarengatik sortutako osasun-krisiak etxean geratzera derrigortu gaitu. Bat-bateko aldaketa honek testuinguru berri batera egokitzera behartu&#8230;<\/p>\n","protected":false},"author":488508,"featured_media":6044,"comment_status":"closed","ping_status":"open","sticky":false,"template":"","format":"standard","meta":{"_jetpack_memberships_contains_paid_content":false,"footnotes":""},"categories":[46],"tags":[],"class_list":["post-6048","post","type-post","status-publish","format-standard","has-post-thumbnail","hentry","category-uncategorized-eu"],"jetpack_featured_media_url":"https:\/\/www.gautena.org\/wp-content\/uploads\/2020\/03\/Ateratzeko-eskubidea.jpg","jetpack_sharing_enabled":true,"_links":{"self":[{"href":"https:\/\/www.gautena.org\/eu\/wp-json\/wp\/v2\/posts\/6048","targetHints":{"allow":["GET"]}}],"collection":[{"href":"https:\/\/www.gautena.org\/eu\/wp-json\/wp\/v2\/posts"}],"about":[{"href":"https:\/\/www.gautena.org\/eu\/wp-json\/wp\/v2\/types\/post"}],"author":[{"embeddable":true,"href":"https:\/\/www.gautena.org\/eu\/wp-json\/wp\/v2\/users\/488508"}],"replies":[{"embeddable":true,"href":"https:\/\/www.gautena.org\/eu\/wp-json\/wp\/v2\/comments?post=6048"}],"version-history":[{"count":3,"href":"https:\/\/www.gautena.org\/eu\/wp-json\/wp\/v2\/posts\/6048\/revisions"}],"predecessor-version":[{"id":6051,"href":"https:\/\/www.gautena.org\/eu\/wp-json\/wp\/v2\/posts\/6048\/revisions\/6051"}],"wp:featuredmedia":[{"embeddable":true,"href":"https:\/\/www.gautena.org\/eu\/wp-json\/wp\/v2\/media\/6044"}],"wp:attachment":[{"href":"https:\/\/www.gautena.org\/eu\/wp-json\/wp\/v2\/media?parent=6048"}],"wp:term":[{"taxonomy":"category","embeddable":true,"href":"https:\/\/www.gautena.org\/eu\/wp-json\/wp\/v2\/categories?post=6048"},{"taxonomy":"post_tag","embeddable":true,"href":"https:\/\/www.gautena.org\/eu\/wp-json\/wp\/v2\/tags?post=6048"}],"curies":[{"name":"wp","href":"https:\/\/api.w.org\/{rel}","templated":true}]}}